{"id":14476,"date":"2026-04-28T15:08:40","date_gmt":"2026-04-28T20:08:40","guid":{"rendered":"https:\/\/www.prival.ca\/?p=14476"},"modified":"2026-04-28T15:09:08","modified_gmt":"2026-04-28T20:09:08","slug":"the-ai-adoption-blind-spot-what-the-data-is-telling-you","status":"publish","type":"post","link":"https:\/\/www.prival.ca\/fr\/the-ai-adoption-blind-spot-what-the-data-is-telling-you\/","title":{"rendered":"L'angle mort de l'adoption de l'IA : Ce que les chiffres r\u00e9v\u00e8lent"},"content":{"rendered":"<div class=\"fusion-fullwidth fullwidth-box fusion-builder-row-1 fusion-flex-container nonhundred-percent-fullwidth non-hundred-percent-height-scrolling\" style=\"--awb-border-radius-top-left:0px;--awb-border-radius-top-right:0px;--awb-border-radius-bottom-right:0px;--awb-border-radius-bottom-left:0px;--awb-margin-bottom-medium:40px;--awb-flex-wrap:wrap;\" ><div class=\"fusion-builder-row fusion-row fusion-flex-align-items-flex-start fusion-flex-content-wrap\" style=\"max-width:calc( 1200px + 0px );margin-left: calc(-0px \/ 2 );margin-right: calc(-0px \/ 2 );\"><div class=\"fusion-layout-column fusion_builder_column fusion-builder-column-0 fusion_builder_column_1_1 1_1 fusion-flex-column\" style=\"--awb-bg-blend:overlay;--awb-bg-size:cover;--awb-width-large:100%;--awb-margin-top-large:0px;--awb-spacing-right-large:0px;--awb-margin-bottom-large:0px;--awb-spacing-left-large:0px;--awb-width-medium:100%;--awb-spacing-right-medium:0px;--awb-spacing-left-medium:0px;--awb-width-small:100%;--awb-spacing-right-small:0px;--awb-spacing-left-small:0px;\"><div class=\"fusion-column-wrapper fusion-flex-justify-content-flex-start fusion-content-layout-column\"><div class=\"fusion-text fusion-text-1 fusion-text-no-margin\" style=\"--awb-margin-bottom:35px;\"><p class=\"p2\">Gartner est direct sur la trajectoire. D'ici fin 2026, <span style=\"color: var(--awb-color6);\">75 % des organisations qui m\u00e8nent des initiatives\nd'IA g\u00e9n\u00e9rative <\/span><span style=\"font-family: var(--awb-text-font-family); font-size: var(--awb-font-size); font-style: var(--awb-text-font-style); letter-spacing: var(--awb-letter-spacing); text-align: var(--awb-content-alignment); text-transform: var(--awb-text-transform);\"><span style=\"color: var(--awb-color6);\">vont r\u00e9orienter leurs efforts de s\u00e9curit\u00e9,<\/span>en transf\u00e9rant leurs d\u00e9penses de la s\u00e9curit\u00e9\ndes donn\u00e9es structur\u00e9es vers la s\u00e9curit\u00e9 des donn\u00e9es non structur\u00e9es.<\/span><\/p>\n<p class=\"p2\">Ce n'est pas une pr\u00e9diction. C'est un avertissement.<\/p>\n<p class=\"p2\">On le voit sur le terrain. Que ce soit une municipalit\u00e9, une clinique de sant\u00e9 ou une entreprise\nmanufacturi\u00e8re, le <span style=\"font-family: var(--awb-text-font-family); font-size: var(--awb-font-size); font-style: var(--awb-text-font-style); letter-spacing: var(--awb-letter-spacing); text-align: var(--awb-content-alignment); text-transform: var(--awb-text-transform);\">motif se r\u00e9p\u00e8te. Les \u00e9quipes d\u00e9couvrent constamment de nouveaux outils LLM utilis\u00e9s\npar leurs employ\u00e9s. Les TI en bloquent un dans <\/span><span style=\"font-family: var(--awb-text-font-family); font-size: var(--awb-font-size); font-style: var(--awb-text-font-style); letter-spacing: var(--awb-letter-spacing); text-align: var(--awb-content-alignment); text-transform: var(--awb-text-transform);\">le firewall. Un autre appara\u00eet deux semaines plus tard. C'est un jeu de tape-taupe, et c'est partout.<\/span><\/p>\n<p class=\"p2\">Et voici ce qui aggrave la situation. Selon le rapport Verizon Data Breach Investigations 2025, pr\u00e8s de 50 % des fuites de donn\u00e9es viennent d'employ\u00e9s qui envoient de l'information sensible au mauvais destinataire, pas d'attaquants externes. Imaginez maintenant \u00e7a \u00e0 travers des outils que vos \u00e9quipes TI ne savent m\u00eame pas sont utilis\u00e9s.<\/p>\n<\/div><div class=\"fusion-text fusion-text-2\"><h3 class=\"p1\">Pourquoi \u00e7a arrive : La vitesse d'adoption a d\u00e9pass\u00e9 votre gouvernance<\/h3>\n<\/div><div class=\"fusion-text fusion-text-3 fusion-text-no-margin\" style=\"--awb-margin-bottom:35px;\"><div>\n<div class=\"standard-markdown grid-cols-1 grid &#091;&amp;_&gt;_*&#093;:min-w-0 gap-3\">\n<p class=\"font-claude-response-body break-words whitespace-normal leading-&#091;1.7&#093;\">Voici le vrai probl\u00e8me. Votre cadre de gouvernance a \u00e9t\u00e9 pens\u00e9 pour un autre monde. D\u00e9ploiements TI ? Trimestriels. Approbations du conseil ? Plusieurs mois. Cycles d'achat ? Annuels.<\/p>\n<\/div>\n<\/div>\n<div>\n<div class=\"standard-markdown grid-cols-1 grid &#091;&amp;_&gt;_*&#093;:min-w-0 gap-3\">\n<p class=\"font-claude-response-body break-words whitespace-normal leading-&#091;1.7&#093;\"><strong>L'IA ne joue pas selon ces r\u00e8gles.<\/strong><\/p>\n<\/div>\n<\/div>\n<div>\n<div class=\"standard-markdown grid-cols-1 grid &#091;&amp;_&gt;_*&#093;:min-w-0 gap-3\">\n<p class=\"font-claude-response-body break-words whitespace-normal leading-&#091;1.7&#093;\">Un employ\u00e9 s'inscrit \u00e0 ChatGPT en cinq minutes. Il partage l'acc\u00e8s avec son \u00e9quipe en moins d'une heure. Le temps que votre processus d'approbation soit mis \u00e0 jour, l'outil est d\u00e9j\u00e0 int\u00e9gr\u00e9 au flux de travail et les donn\u00e9es circulent.<\/p>\n<\/div>\n<\/div>\n<div>\n<div class=\"standard-markdown grid-cols-1 grid &#091;&amp;_&gt;_*&#093;:min-w-0 gap-3\">\n<p class=\"font-claude-response-body break-words whitespace-normal leading-&#091;1.7&#093;\">Votre cadre n'a pas \u00e9t\u00e9 con\u00e7u pour cette vitesse. Et la vitesse continue de s'acc\u00e9l\u00e9rer.<\/p>\n<\/div>\n<\/div>\n<\/div><div class=\"fusion-text fusion-text-4\"><h3>Ce que \u00e7a veut dire : On ne contr\u00f4le pas ce qu'on ne voit pas<\/h3>\n<\/div><div class=\"fusion-text fusion-text-5 fusion-text-no-margin\" style=\"--awb-margin-bottom:35px;\"><p data-pm-slice=\"0 0 &#091;&#093;\">Voici la prise de conscience qu'il faut avoir. Vous ne pouvez pas \u00e9crire de politique pour des outils que vous ne savez pas qu'ils existent. Vous ne pouvez pas prot\u00e9ger des donn\u00e9es qui circulent dans des syst\u00e8mes que vous ne surveillez pas. Vous ne pouvez pas auditer ce qui est invisible.<\/p>\n<p>Arr\u00eatez de vouloir bannir l'IA. Cette bataille est d\u00e9j\u00e0 perdue. La vraie bataille, c'est la visibilit\u00e9.<\/p>\n<\/div><div class=\"fusion-text fusion-text-6\"><h3>La cons\u00e9quence : Ce n'est plus seulement un enjeu TI<\/h3>\n<\/div><div class=\"fusion-text fusion-text-7 fusion-text-no-margin\" style=\"--awb-margin-bottom:35px;\"><p class=\"font-claude-response-body break-words whitespace-normal leading-&#091;1.7&#093;\">Et c'est ici que \u00e7a devient concret. Quand \u00e7a va casser, et \u00e7a va casser, la pression ne viendra pas de votre \u00e9quipe TI. Elle viendra du :<\/p>\n<ul class=\"&#091;li_&amp;&#093;:mb-0 &#091;li_&amp;&#093;:mt-1 &#091;li_&amp;&#093;:gap-1 &#091;&amp;:not(:last-child)_ul&#093;:pb-1 &#091;&amp;:not(:last-child)_ol&#093;:pb-1 list-disc flex flex-col gap-1 pl-8 mb-3\">\n<li class=\"whitespace-normal break-words pl-2\"><strong>D\u00e9partement juridique.<\/strong> O\u00f9 sont vos contr\u00f4les ? Quelles donn\u00e9es sont all\u00e9es o\u00f9 ?<\/li>\n<li class=\"whitespace-normal break-words pl-2\"><strong>La conformit\u00e9.<\/strong> A-t-on enfreint des r\u00e8glements ? Quelle est notre exposition ?<\/li>\n<li class=\"whitespace-normal break-words pl-2\"><strong>Des finances.<\/strong> Combien co\u00fbte une fuite ? Quelle est notre responsabilit\u00e9 ?<\/li>\n<li class=\"whitespace-normal break-words pl-2\"><strong>Du conseil.<\/strong> Comment c'est arriv\u00e9 sous votre garde ?<\/li>\n<\/ul>\n<p class=\"font-claude-response-body break-words whitespace-normal leading-&#091;1.7&#093;\">Quand un r\u00e9gulateur demande o\u00f9 \u00e9taient vos garde-fous, dire \u00ab on ne savait pas que les employ\u00e9s utilisaient \u00e7a \u00bb n'est pas une d\u00e9fense. C'est de la n\u00e9gligence.<\/p>\n<\/div><div class=\"fusion-text fusion-text-8\"><h3>Ce que \u00e7a veut dire pour votre r\u00f4le<\/h3>\n<\/div><div class=\"fusion-text fusion-text-9 fusion-text-no-margin\" style=\"--awb-margin-bottom:35px;\"><p class=\"font-claude-response-body break-words whitespace-normal leading-&#091;1.7&#093;\">Si vous \u00eates <strong>CIO,<\/strong>vous voyez le risque op\u00e9rationnel. Comment gouverner quelque chose qui va plus vite que vos processus ?<\/p>\n<p class=\"font-claude-response-body break-words whitespace-normal leading-&#091;1.7&#093;\">Si vous \u00eates <strong>CISO,<\/strong>vous voyez l'exposition \u00e0 la conformit\u00e9. La responsabilit\u00e9 est r\u00e9elle.<\/p>\n<p class=\"font-claude-response-body break-words whitespace-normal leading-&#091;1.7&#093;\">Si vous \u00eates <strong>responsable TI,<\/strong>vous voyez la pression sur vos ressources. Vous \u00eates d\u00e9j\u00e0 \u00e9tir\u00e9, et voil\u00e0 une autre couche invisible \u00e0 g\u00e9rer.<\/p>\n<p class=\"font-claude-response-body break-words whitespace-normal leading-&#091;1.7&#093;\">M\u00eame probl\u00e8me. Pressions diff\u00e9rentes.<\/p>\n<\/div><div class=\"fusion-text fusion-text-10\"><h3 class=\"p1\">Par o\u00f9 commencer : Trois questions \u00e0 poser \u00e0 votre \u00e9quipe<\/h3>\n<\/div><div class=\"fusion-text fusion-text-11 fusion-text-no-margin\" style=\"--awb-margin-bottom:50px;\"><p class=\"font-claude-response-body break-words whitespace-normal leading-&#091;1.7&#093;\">Avant de pouvoir corriger la visibilit\u00e9, il faut savoir avec quoi on travaille. Posez les questions \u00e0 votre \u00e9quipe :<\/p>\n<p class=\"font-claude-response-body break-words whitespace-normal leading-&#091;1.7&#093;\"><strong>1. Quels outils d'IA utilise-t-on vraiment, en ce moment ?<\/strong> Pas ce que vous avez approuv\u00e9. Ce qui est vraiment utilis\u00e9. Int\u00e9grations Slack ? Extensions de navigateur ? Applications autonomes ? Si vous ne pouvez pas r\u00e9pondre avec confiance, vous avez un angle mort.<\/p>\n<p class=\"font-claude-response-body break-words whitespace-normal leading-&#091;1.7&#093;\"><strong>2. Quelles donn\u00e9es alimentent ces outils ?<\/strong> Donn\u00e9es clients ? Votre propre code ? Strat\u00e9gies internes ? Soyez pr\u00e9cis. \u00c7a vous donne la vraie surface de risque.<\/p>\n<p class=\"font-claude-response-body break-words whitespace-normal leading-&#091;1.7&#093;\"><strong>3. Quels outils ont acc\u00e8s \u00e0 vos syst\u00e8mes ou \u00e0 vos donn\u00e9es ?<\/strong> Certains outils d'IA se connectent \u00e0 votre Microsoft 365, Google Workspace ou CRM. Ils ont des permissions que vous avez probablement oubli\u00e9es. Trouvez-les.<\/p>\n<p class=\"font-claude-response-body break-words whitespace-normal leading-&#091;1.7&#093;\">Ces trois questions ne r\u00e8glent pas le probl\u00e8me. Mais elles vous diront si vous en avez un, et de quelle ampleur.<\/p>\n<\/div><div class=\"fusion-separator fusion-full-width-sep\" style=\"align-self: center;margin-left: auto;margin-right: auto;margin-bottom:1%;width:100%;\"><div class=\"fusion-separator-border sep-single sep-solid\" style=\"--awb-height:20px;--awb-amount:20px;--awb-sep-color:var(--awb-color2);border-color:var(--awb-color2);border-top-width:1px;\"><\/div><\/div><div class=\"fusion-text fusion-text-12 fusion-text-no-margin\" style=\"--awb-margin-bottom:35px;\"><p style=\"font-family: 'Red Hat Display'; font-weight: 400;\" data-fusion-font=\"true\" data-fusion-google-font=\"Red Hat Display\" data-fusion-google-variant=\"400\">Sources :<\/p>\n<ul>\n<li class=\"whitespace-normal break-words pl-2\">Gartner. (2024). <em>Security Leaders&#8217; Guide to Data Security in the Age of GenAI.<\/em><\/li>\n<li class=\"whitespace-normal break-words pl-2\">Verizon. (2025). <em>2025 Data Breach Investigations Report.<\/em><\/li>\n<\/ul>\n<\/div><div class=\"fusion-title title fusion-title-1 fusion-sep-none fusion-title-text fusion-title-size-two\" style=\"--awb-margin-top-small:10px;--awb-margin-right-small:0px;--awb-margin-bottom-small:10px;--awb-margin-left-small:0px;\"><h2 class=\"fusion-title-heading title-heading-left fusion-responsive-typography-calculated\" style=\"margin:0;--fontSize:30;--minFontSize:30;line-height:1.5;\"><h2>D'autres points de vue<\/h2><\/h2><\/div><div class=\"fusion-recent-posts fusion-recent-posts-1 avada-container layout-default layout-columns-3\"><section class=\"fusion-columns columns fusion-columns-3 columns-3\"><article class=\"post fusion-column column col col-lg-4 col-md-4 col-sm-4\"><div class=\"fusion-flexslider fusion-flexslider-loading flexslider flexslider-hover-type-none\"><ul class=\"slides\"><li><a href=\"https:\/\/www.prival.ca\/fr\/the-shadow-pandemic-why-bans-and-training-fall-short\/\" aria-label=\"The shadow pandemic: Why bans and training fall short\" class=\"hover-type-none\"><img decoding=\"async\" width=\"700\" height=\"441\" src=\"https:\/\/www.prival.ca\/wp-content\/uploads\/2026\/04\/prival-shadow-ai-governance-hero-1600x900-1-700x441.jpg\" class=\"attachment-recent-posts size-recent-posts lazyload\" alt=\"Two business colleagues collaborate at a workstation in a modern office, reviewing AI tool usage across the organization to identify shadow AI exposure.\" srcset=\"data:image\/svg+xml,%3Csvg%20xmlns%3D%27http%3A%2F%2Fwww.w3.org%2F2000%2Fsvg%27%20width%3D%271600%27%20height%3D%27900%27%20viewBox%3D%270%200%201600%20900%27%3E%3Crect%20width%3D%271600%27%20height%3D%27900%27%20fill-opacity%3D%220%22%2F%3E%3C%2Fsvg%3E\" data-orig-src=\"https:\/\/www.prival.ca\/wp-content\/uploads\/2026\/04\/prival-shadow-ai-governance-hero-1600x900-1-700x441.jpg\" data-srcset=\"https:\/\/www.prival.ca\/wp-content\/uploads\/2026\/04\/prival-shadow-ai-governance-hero-1600x900-1-18x10.jpg 18w, https:\/\/www.prival.ca\/wp-content\/uploads\/2026\/04\/prival-shadow-ai-governance-hero-1600x900-1-320x202.jpg 320w, https:\/\/www.prival.ca\/wp-content\/uploads\/2026\/04\/prival-shadow-ai-governance-hero-1600x900-1-700x441.jpg 700w\" data-sizes=\"auto\" \/><\/a><\/li><\/ul><\/div><div class=\"recent-posts-content\"><span class=\"vcard\" style=\"display: none;\"><span class=\"fn\"><a href=\"https:\/\/www.prival.ca\/fr\/author\/ralmaraz\/\" title=\"Articles par Robin Almaraz\" rel=\"author\">Robin Almaraz<\/a><\/span><\/span><span class=\"updated\" style=\"display:none;\">2026-04-29T08:29:47-05:00<\/span><h4 class=\"entry-title\"><a href=\"https:\/\/www.prival.ca\/fr\/the-shadow-pandemic-why-bans-and-training-fall-short\/\">The shadow pandemic: Why bans and training fall short<\/a><\/h4><\/div><\/article><article class=\"post fusion-column column col col-lg-4 col-md-4 col-sm-4\"><div class=\"fusion-flexslider fusion-flexslider-loading flexslider flexslider-hover-type-none\"><ul class=\"slides\"><li><a href=\"https:\/\/www.prival.ca\/fr\/the-ai-adoption-blind-spot-what-the-data-is-telling-you\/\" aria-label=\"L&#039;angle mort de l&#039;adoption de l&#039;IA : Ce que les chiffres r\u00e9v\u00e8lent\" class=\"hover-type-none\"><img decoding=\"async\" width=\"700\" height=\"441\" src=\"https:\/\/www.prival.ca\/wp-content\/uploads\/2026\/04\/prival-ai-adoption-blind-spot-hero-1600x900-1-700x441.jpg\" class=\"attachment-recent-posts size-recent-posts lazyload\" alt=\"IT leader assessing AI security risk in his organization\" srcset=\"data:image\/svg+xml,%3Csvg%20xmlns%3D%27http%3A%2F%2Fwww.w3.org%2F2000%2Fsvg%27%20width%3D%271600%27%20height%3D%27900%27%20viewBox%3D%270%200%201600%20900%27%3E%3Crect%20width%3D%271600%27%20height%3D%27900%27%20fill-opacity%3D%220%22%2F%3E%3C%2Fsvg%3E\" data-orig-src=\"https:\/\/www.prival.ca\/wp-content\/uploads\/2026\/04\/prival-ai-adoption-blind-spot-hero-1600x900-1-700x441.jpg\" data-srcset=\"https:\/\/www.prival.ca\/wp-content\/uploads\/2026\/04\/prival-ai-adoption-blind-spot-hero-1600x900-1-18x10.jpg 18w, https:\/\/www.prival.ca\/wp-content\/uploads\/2026\/04\/prival-ai-adoption-blind-spot-hero-1600x900-1-320x202.jpg 320w, https:\/\/www.prival.ca\/wp-content\/uploads\/2026\/04\/prival-ai-adoption-blind-spot-hero-1600x900-1-700x441.jpg 700w\" data-sizes=\"auto\" \/><\/a><\/li><\/ul><\/div><div class=\"recent-posts-content\"><span class=\"vcard\" style=\"display: none;\"><span class=\"fn\"><a href=\"https:\/\/www.prival.ca\/fr\/author\/ralmaraz\/\" title=\"Articles par Robin Almaraz\" rel=\"author\">Robin Almaraz<\/a><\/span><\/span><span class=\"updated\" style=\"display:none;\">2026-04-28T15:09:08-05:00<\/span><h4 class=\"entry-title\"><a href=\"https:\/\/www.prival.ca\/fr\/the-ai-adoption-blind-spot-what-the-data-is-telling-you\/\">L'angle mort de l'adoption de l'IA : Ce que les chiffres r\u00e9v\u00e8lent<\/a><\/h4><\/div><\/article><article class=\"post fusion-column column col col-lg-4 col-md-4 col-sm-4\"><div class=\"fusion-flexslider fusion-flexslider-loading flexslider flexslider-hover-type-none\"><ul class=\"slides\"><li><a href=\"https:\/\/www.prival.ca\/fr\/why-identity-federation-and-sso-are-a-security-priority\/\" aria-label=\"F\u00e9d\u00e9ration d&#039;identit\u00e9s et SSO : une priorit\u00e9 de s\u00e9curit\u00e9\" class=\"hover-type-none\"><img decoding=\"async\" width=\"700\" height=\"441\" src=\"https:\/\/www.prival.ca\/wp-content\/uploads\/2026\/03\/professional-man-laptop-web-700x441.jpg\" class=\"attachment-recent-posts size-recent-posts lazyload\" alt=\"\" srcset=\"data:image\/svg+xml,%3Csvg%20xmlns%3D%27http%3A%2F%2Fwww.w3.org%2F2000%2Fsvg%27%20width%3D%271500%27%20height%3D%271000%27%20viewBox%3D%270%200%201500%201000%27%3E%3Crect%20width%3D%271500%27%20height%3D%271000%27%20fill-opacity%3D%220%22%2F%3E%3C%2Fsvg%3E\" data-orig-src=\"https:\/\/www.prival.ca\/wp-content\/uploads\/2026\/03\/professional-man-laptop-web-700x441.jpg\" data-srcset=\"https:\/\/www.prival.ca\/wp-content\/uploads\/2026\/03\/professional-man-laptop-web-18x12.jpg 18w, https:\/\/www.prival.ca\/wp-content\/uploads\/2026\/03\/professional-man-laptop-web-320x202.jpg 320w, https:\/\/www.prival.ca\/wp-content\/uploads\/2026\/03\/professional-man-laptop-web-700x441.jpg 700w\" data-sizes=\"auto\" \/><\/a><\/li><\/ul><\/div><div class=\"recent-posts-content\"><span class=\"vcard\" style=\"display: none;\"><span class=\"fn\"><a href=\"https:\/\/www.prival.ca\/fr\/author\/ralmaraz\/\" title=\"Articles par Robin Almaraz\" rel=\"author\">Robin Almaraz<\/a><\/span><\/span><span class=\"updated\" style=\"display:none;\">2026-03-26T14:01:34-05:00<\/span><h4 class=\"entry-title\"><a href=\"https:\/\/www.prival.ca\/fr\/why-identity-federation-and-sso-are-a-security-priority\/\">F\u00e9d\u00e9ration d'identit\u00e9s et SSO : une priorit\u00e9 de s\u00e9curit\u00e9<\/a><\/h4><\/div><\/article><\/section><\/div><\/div><\/div><\/div><\/div>","protected":false},"excerpt":{"rendered":"<p>Gartner just shifted the entire data security playbook for GenAI. Here&#8217;s what your organization needs to see.<\/p>","protected":false},"author":4,"featured_media":14480,"comment_status":"closed","ping_status":"closed","sticky":false,"template":"","format":"standard","meta":{"footnotes":""},"categories":[67,57],"tags":[],"class_list":["post-14476","post","type-post","status-publish","format-standard","has-post-thumbnail","hentry","category-cybsersecurity","category-news-and-updates"],"_links":{"self":[{"href":"https:\/\/www.prival.ca\/fr\/wp-json\/wp\/v2\/posts\/14476","targetHints":{"allow":["GET"]}}],"collection":[{"href":"https:\/\/www.prival.ca\/fr\/wp-json\/wp\/v2\/posts"}],"about":[{"href":"https:\/\/www.prival.ca\/fr\/wp-json\/wp\/v2\/types\/post"}],"author":[{"embeddable":true,"href":"https:\/\/www.prival.ca\/fr\/wp-json\/wp\/v2\/users\/4"}],"replies":[{"embeddable":true,"href":"https:\/\/www.prival.ca\/fr\/wp-json\/wp\/v2\/comments?post=14476"}],"version-history":[{"count":5,"href":"https:\/\/www.prival.ca\/fr\/wp-json\/wp\/v2\/posts\/14476\/revisions"}],"predecessor-version":[{"id":14482,"href":"https:\/\/www.prival.ca\/fr\/wp-json\/wp\/v2\/posts\/14476\/revisions\/14482"}],"wp:featuredmedia":[{"embeddable":true,"href":"https:\/\/www.prival.ca\/fr\/wp-json\/wp\/v2\/media\/14480"}],"wp:attachment":[{"href":"https:\/\/www.prival.ca\/fr\/wp-json\/wp\/v2\/media?parent=14476"}],"wp:term":[{"taxonomy":"category","embeddable":true,"href":"https:\/\/www.prival.ca\/fr\/wp-json\/wp\/v2\/categories?post=14476"},{"taxonomy":"post_tag","embeddable":true,"href":"https:\/\/www.prival.ca\/fr\/wp-json\/wp\/v2\/tags?post=14476"}],"curies":[{"name":"wp","href":"https:\/\/api.w.org\/{rel}","templated":true}]}}